{"id":4338,"date":"2022-02-24T10:32:56","date_gmt":"2022-02-24T13:32:56","guid":{"rendered":"https:\/\/opticaluro.com.ar\/blog\/?p=4338"},"modified":"2022-02-24T10:33:19","modified_gmt":"2022-02-24T13:33:19","slug":"como-elegir-anteojos-para-ninos","status":"publish","type":"post","link":"https:\/\/opticaluro.com.ar\/blog\/como-elegir-anteojos-para-ninos\/","title":{"rendered":"\u00bfC\u00f3mo elegir anteojos para ni\u00f1os?"},"content":{"rendered":"<p style=\"text-align: justify;\"><img loading=\"lazy\" class=\"alignright\" src=\"https:\/\/medicaloptica.es\/blog\/wp-content\/uploads\/2017\/09\/gafas-para-ninos-1.jpg\" width=\"364\" height=\"242\" \/>Comienzan las clases y muchos padres se encuentran con que sus hijos necesitan anteojos para mejorar la calidad de su visi\u00f3n (o necesitan cambiar los que tienen), indispensable para un buen desarrollo, en especial respecto al rendimiento escolar.<\/p>\n<p style=\"text-align: justify;\">Pero una vez que se tiene la receta \u00bfc\u00f3mo elegir el armaz\u00f3n adecuado? Desde \u00d3ptica Luro &#8211; La Casa de los Anteojos queremos darte unos consejos para tener en cuenta a la hora de comprar anteojos infantiles:<!--more--><\/p>\n<p style=\"text-align: justify;\">-A algunos ni\u00f1os les da verg\u00fcenza usar anteojos, o son t\u00edmidos al respecto, por lo que ayuda elegir armazones atractivos y modernos, que disfruten de usar. Para esto, es muy importante que el ni\u00f1o sea parte del proceso de elecci\u00f3n, ya que de esta manera estar\u00e1n m\u00e1s dispuestos.<\/p>\n<p style=\"text-align: justify;\">-En ni\u00f1os de hasta 5-6 a\u00f1os y un poco m\u00e1s tambi\u00e9n se recomiendan los armazones de materiales flexibles y sin partes met\u00e1licas (en especial si practican deportes), por seguridad y comodidad. Para edades m\u00e1s avanzadas, se pueden elegir materiales como el acetato, nylon, grilamid o metal.<\/p>\n<p style=\"text-align: justify;\">-El tama\u00f1o del armaz\u00f3n debe ser proporcional al tama\u00f1o de la cara del ni\u00f1o, sin limitar el campo visual, y los ojos deben estar centrados.<\/p>\n<p style=\"text-align: justify;\">-Ya que gran parte del peso del armaz\u00f3n recae sobre la nariz del ni\u00f1o, el puente del anteojo no debe ser muy grande (para que no se resbale, algo muy molesto) o muy peque\u00f1o (para que no lastime su nariz).<\/p>\n<p style=\"text-align: justify;\">-Los ni\u00f1os siempre est\u00e1n en movimiento, ya sea jugando, corriendo, trepando o haciendo deportes, por lo que una banda el\u00e1stica que sostenga el anteojo es muy pr\u00e1ctica: evita que los anteojos se caigan y se rompan, mantiene el armaz\u00f3n centrado al frente de los ojos, le da al ni\u00f1o seguridad y comodidad para hacer sus actividades de todos los d\u00edas. Igualmente hay l\u00edneas de anteojos que vienen preparadas con una banda incorporada brindando m\u00e1xima flexibilidad.<\/p>\n<p style=\"text-align: justify;\">Elegir anteojos es una decisi\u00f3n importante para todos, en especial para los m\u00e1s chicos, por eso queremos que sepas que en <strong>\u00d3ptica Luro &#8211; La Casa de los Anteojos<\/strong> cont\u00e1s con profesionales que te pueden asesorar y acompa\u00f1ar durante todo el proceso. Adem\u00e1s, tenemos muchos modelos coloridos, modernos y de la mejor calidad para seleccionar el anteojo que va a acompa\u00f1ar a tu hijo todos los d\u00edas!<\/p>\n<p style=\"text-align: justify;\">Fuente: miraflex.com.ar<\/p>\n","protected":false},"excerpt":{"rendered":"<p>Comienzan las clases y muchos padres se encuentran con que sus hijos necesitan anteojos para mejorar la calidad de su visi\u00f3n (o necesitan cambiar los que tienen), indispensable para un buen desarrollo, en especial respecto al rendimiento escolar. Pero una &hellip; <a href=\"https:\/\/opticaluro.com.ar\/blog\/como-elegir-anteojos-para-ninos\/\">Sigue leyendo <span class=\"meta-nav\">&rarr;<\/span><\/a><\/p>\n","protected":false},"author":1,"featured_media":0,"comment_status":"closed","ping_status":"open","sticky":false,"template":"","format":"standard","meta":[],"categories":[20],"tags":[],"_links":{"self":[{"href":"https:\/\/opticaluro.com.ar\/blog\/wp-json\/wp\/v2\/posts\/4338"}],"collection":[{"href":"https:\/\/opticaluro.com.ar\/blog\/wp-json\/wp\/v2\/posts"}],"about":[{"href":"https:\/\/opticaluro.com.ar\/blog\/wp-json\/wp\/v2\/types\/post"}],"author":[{"embeddable":true,"href":"https:\/\/opticaluro.com.ar\/blog\/wp-json\/wp\/v2\/users\/1"}],"replies":[{"embeddable":true,"href":"https:\/\/opticaluro.com.ar\/blog\/wp-json\/wp\/v2\/comments?post=4338"}],"version-history":[{"count":3,"href":"https:\/\/opticaluro.com.ar\/blog\/wp-json\/wp\/v2\/posts\/4338\/revisions"}],"predecessor-version":[{"id":4341,"href":"https:\/\/opticaluro.com.ar\/blog\/wp-json\/wp\/v2\/posts\/4338\/revisions\/4341"}],"wp:attachment":[{"href":"https:\/\/opticaluro.com.ar\/blog\/wp-json\/wp\/v2\/media?parent=4338"}],"wp:term":[{"taxonomy":"category","embeddable":true,"href":"https:\/\/opticaluro.com.ar\/blog\/wp-json\/wp\/v2\/categories?post=4338"},{"taxonomy":"post_tag","embeddable":true,"href":"https:\/\/opticaluro.com.ar\/blog\/wp-json\/wp\/v2\/tags?post=4338"}],"curies":[{"name":"wp","href":"https:\/\/api.w.org\/{rel}","templated":true}]}}