{"id":2284,"date":"2017-04-28T14:21:19","date_gmt":"2017-04-28T17:21:19","guid":{"rendered":"http:\/\/opticaluro.com.ar\/blog\/?p=2284"},"modified":"2017-04-28T14:28:54","modified_gmt":"2017-04-28T17:28:54","slug":"anteojos-adriana-costantini-distincion-en-cada-situacion","status":"publish","type":"post","link":"https:\/\/opticaluro.com.ar\/blog\/anteojos-adriana-costantini-distincion-en-cada-situacion\/","title":{"rendered":"Anteojos Adriana Costantini: distinci\u00f3n en cada situaci\u00f3n"},"content":{"rendered":"<p><img loading=\"lazy\" class=\"alignright size-medium wp-image-2285\" src=\"http:\/\/opticaluro.com.ar\/blog\/wp-content\/uploads\/2017\/04\/adriana-costantini-300x199.jpg\" alt=\"adriana costantini\" width=\"300\" height=\"199\" srcset=\"https:\/\/opticaluro.com.ar\/blog\/wp-content\/uploads\/2017\/04\/adriana-costantini-300x199.jpg 300w, https:\/\/opticaluro.com.ar\/blog\/wp-content\/uploads\/2017\/04\/adriana-costantini.jpg 364w\" sizes=\"(max-width: 300px) 100vw, 300px\" \/>Este <strong>invierno 2017<\/strong> <strong>anteojos Adriana Costantini<\/strong> lanz\u00f3 una colecci\u00f3n de <strong>receta<\/strong> acorde al glamour de la marca, con un destile en el marco de las tradicionales Galer\u00edas Pac\u00edfico.<\/p>\n<p>El estilo que cultiva la marca asegura un modelo para cada situaci\u00f3n, pensando siempre en la combinaci\u00f3n y en completar el estilo personal incorporando detalles que posicionan en la tendencia.<!--more--><\/p>\n<p>Para desarrollar esta particular colecci\u00f3n anteojos <strong>Adriana Costantini<\/strong> se inspir\u00f3 en las estrellas de Hollywood, cuyo estilo siguen sus admiradores, a veces incluso buscando modelos semejantes al de sus referentes.<\/p>\n<h3><strong>Algunos modelos que podr\u00edamos destacar de<\/strong> <strong>Adriana Costantini<\/strong> <strong>en este 2017:<\/strong><\/h3>\n<p><strong>Michelle:<\/strong> un modelo atemporal que incluye la tendencia de los anteojos met\u00e1licos con singular delicadeza, combinando metal y acetato. Viene en metal y negro, o bien metal, negro y bordeaux o metal y violeta, generando siempre un efecto sutil de elegancia y distinci\u00f3n.<\/p>\n<div id=\"attachment_2247\" style=\"width: 778px\" class=\"wp-caption alignright\"><img aria-describedby=\"caption-attachment-2247\" loading=\"lazy\" class=\"alignnone wp-image-2286 size-full\" src=\"http:\/\/opticaluro.com.ar\/blog\/wp-content\/uploads\/2017\/04\/MICHELLE-C1-53-18-140.jpg\" alt=\"\" width=\"768\" height=\"384\" srcset=\"https:\/\/opticaluro.com.ar\/blog\/wp-content\/uploads\/2017\/04\/MICHELLE-C1-53-18-140.jpg 768w, https:\/\/opticaluro.com.ar\/blog\/wp-content\/uploads\/2017\/04\/MICHELLE-C1-53-18-140-300x150.jpg 300w\" sizes=\"(max-width: 768px) 100vw, 768px\" \/><p id=\"caption-attachment-2247\" class=\"wp-caption-text\">Adriana Costantini &#8211; MICHELLE-C1<\/p><\/div>\n<div id=\"attachment_2247\" style=\"width: 778px\" class=\"wp-caption alignright\"><img aria-describedby=\"caption-attachment-2247\" loading=\"lazy\" class=\"alignnone wp-image-2287 size-full\" src=\"http:\/\/opticaluro.com.ar\/blog\/wp-content\/uploads\/2017\/04\/MICHELLE-C2-53-18-140.jpg\" alt=\"\" width=\"768\" height=\"384\" srcset=\"https:\/\/opticaluro.com.ar\/blog\/wp-content\/uploads\/2017\/04\/MICHELLE-C2-53-18-140.jpg 768w, https:\/\/opticaluro.com.ar\/blog\/wp-content\/uploads\/2017\/04\/MICHELLE-C2-53-18-140-300x150.jpg 300w\" sizes=\"(max-width: 768px) 100vw, 768px\" \/><p id=\"caption-attachment-2247\" class=\"wp-caption-text\">Adriana Costantini &#8211; MICHELLE-C2<\/p><\/div>\n<div id=\"attachment_2247\" style=\"width: 778px\" class=\"wp-caption alignright\"><img aria-describedby=\"caption-attachment-2247\" loading=\"lazy\" class=\"alignnone wp-image-2288 size-full\" src=\"http:\/\/opticaluro.com.ar\/blog\/wp-content\/uploads\/2017\/04\/MICHELLE-C3-53-18-140.jpg\" alt=\"\" width=\"768\" height=\"384\" srcset=\"https:\/\/opticaluro.com.ar\/blog\/wp-content\/uploads\/2017\/04\/MICHELLE-C3-53-18-140.jpg 768w, https:\/\/opticaluro.com.ar\/blog\/wp-content\/uploads\/2017\/04\/MICHELLE-C3-53-18-140-300x150.jpg 300w\" sizes=\"(max-width: 768px) 100vw, 768px\" \/><p id=\"caption-attachment-2247\" class=\"wp-caption-text\">Adriana Costantini &#8211; MICHELLE-C3<\/p><\/div>\n<p><strong>Cameron:<\/strong> Con m\u00e1s presencia y color, tambi\u00e9n en metal y acetato pero destacando m\u00e1s este \u00faltimo, para un estilo audaz y no pasar desapercibida. Viene en plateado y negro, con los tornillos dando un toque de dise\u00f1o, plateado y crudo y el \u00faltimo en metal con acetato combinado en blanco, negro y violeta.<\/p>\n<div id=\"attachment_2247\" style=\"width: 778px\" class=\"wp-caption alignright\"><img aria-describedby=\"caption-attachment-2247\" loading=\"lazy\" class=\"alignnone size-full wp-image-2294\" src=\"http:\/\/opticaluro.com.ar\/blog\/wp-content\/uploads\/2017\/04\/CAMERON-C1-50-22-145.jpg\" alt=\"\" width=\"768\" height=\"384\" srcset=\"https:\/\/opticaluro.com.ar\/blog\/wp-content\/uploads\/2017\/04\/CAMERON-C1-50-22-145.jpg 768w, https:\/\/opticaluro.com.ar\/blog\/wp-content\/uploads\/2017\/04\/CAMERON-C1-50-22-145-300x150.jpg 300w\" sizes=\"(max-width: 768px) 100vw, 768px\" \/><p id=\"caption-attachment-2247\" class=\"wp-caption-text\">Adriana Costantini &#8211; CAMERON-C1<\/p><\/div>\n<div id=\"attachment_2247\" style=\"width: 778px\" class=\"wp-caption alignright\"><img aria-describedby=\"caption-attachment-2247\" loading=\"lazy\" class=\"alignnone size-full wp-image-2295\" src=\"http:\/\/opticaluro.com.ar\/blog\/wp-content\/uploads\/2017\/04\/CAMERON-C2-50-22-145-RETOQUE.jpg\" alt=\"\" width=\"768\" height=\"384\" srcset=\"https:\/\/opticaluro.com.ar\/blog\/wp-content\/uploads\/2017\/04\/CAMERON-C2-50-22-145-RETOQUE.jpg 768w, https:\/\/opticaluro.com.ar\/blog\/wp-content\/uploads\/2017\/04\/CAMERON-C2-50-22-145-RETOQUE-300x150.jpg 300w\" sizes=\"(max-width: 768px) 100vw, 768px\" \/><p id=\"caption-attachment-2247\" class=\"wp-caption-text\">Adriana Costantini &#8211; CAMERON-C2<\/p><\/div>\n<div id=\"attachment_2247\" style=\"width: 778px\" class=\"wp-caption alignright\"><img aria-describedby=\"caption-attachment-2247\" loading=\"lazy\" class=\"alignnone size-full wp-image-2296\" src=\"http:\/\/opticaluro.com.ar\/blog\/wp-content\/uploads\/2017\/04\/CAMERON-C3-50-22-145.jpg\" alt=\"\" width=\"768\" height=\"384\" srcset=\"https:\/\/opticaluro.com.ar\/blog\/wp-content\/uploads\/2017\/04\/CAMERON-C3-50-22-145.jpg 768w, https:\/\/opticaluro.com.ar\/blog\/wp-content\/uploads\/2017\/04\/CAMERON-C3-50-22-145-300x150.jpg 300w\" sizes=\"(max-width: 768px) 100vw, 768px\" \/><p id=\"caption-attachment-2247\" class=\"wp-caption-text\">Adriana Costantini &#8211; CAMERON-C3<\/p><\/div>\n<p><strong>Catherine:<\/strong> Su caracter\u00edstica es un efecto muy delicado, en el frente solo se visualiza el metal plateado en los colores 1 y 2 con l\u00edneas muy finas, patilla colorida en el primero y negra en el segundo. El color 3 incursiona en el metal colorado con patilla blanca, dando una nota de color y alegr\u00eda.<\/p>\n<div id=\"attachment_2247\" style=\"width: 778px\" class=\"wp-caption alignright\"><img aria-describedby=\"caption-attachment-2247\" loading=\"lazy\" class=\"alignnone size-full wp-image-2299\" src=\"http:\/\/opticaluro.com.ar\/blog\/wp-content\/uploads\/2017\/04\/CATHERINE-C1-53-18-140-RETOQUE.jpg\" alt=\"\" width=\"768\" height=\"384\" srcset=\"https:\/\/opticaluro.com.ar\/blog\/wp-content\/uploads\/2017\/04\/CATHERINE-C1-53-18-140-RETOQUE.jpg 768w, https:\/\/opticaluro.com.ar\/blog\/wp-content\/uploads\/2017\/04\/CATHERINE-C1-53-18-140-RETOQUE-300x150.jpg 300w\" sizes=\"(max-width: 768px) 100vw, 768px\" \/><p id=\"caption-attachment-2247\" class=\"wp-caption-text\">Adriana Costantini &#8211; CATHERINE-C1<\/p><\/div>\n<div id=\"attachment_2247\" style=\"width: 778px\" class=\"wp-caption alignright\"><img aria-describedby=\"caption-attachment-2247\" loading=\"lazy\" class=\"alignnone size-full wp-image-2300\" src=\"http:\/\/opticaluro.com.ar\/blog\/wp-content\/uploads\/2017\/04\/CATHERINE-C2-53-18-140-RETOQUE.jpg\" alt=\"\" width=\"768\" height=\"384\" srcset=\"https:\/\/opticaluro.com.ar\/blog\/wp-content\/uploads\/2017\/04\/CATHERINE-C2-53-18-140-RETOQUE.jpg 768w, https:\/\/opticaluro.com.ar\/blog\/wp-content\/uploads\/2017\/04\/CATHERINE-C2-53-18-140-RETOQUE-300x150.jpg 300w\" sizes=\"(max-width: 768px) 100vw, 768px\" \/><p id=\"caption-attachment-2247\" class=\"wp-caption-text\">Adriana Costantini &#8211; CATHERINE-C2<\/p><\/div>\n<div id=\"attachment_2247\" style=\"width: 778px\" class=\"wp-caption alignright\"><img aria-describedby=\"caption-attachment-2247\" loading=\"lazy\" class=\"alignnone size-full wp-image-2298\" src=\"http:\/\/opticaluro.com.ar\/blog\/wp-content\/uploads\/2017\/04\/CATHERINE-C3-53-18-140-RETOQUE.jpg\" alt=\"\" width=\"768\" height=\"384\" srcset=\"https:\/\/opticaluro.com.ar\/blog\/wp-content\/uploads\/2017\/04\/CATHERINE-C3-53-18-140-RETOQUE.jpg 768w, https:\/\/opticaluro.com.ar\/blog\/wp-content\/uploads\/2017\/04\/CATHERINE-C3-53-18-140-RETOQUE-300x150.jpg 300w\" sizes=\"(max-width: 768px) 100vw, 768px\" \/><p id=\"caption-attachment-2247\" class=\"wp-caption-text\">Adriana Costantini &#8211; CATHERINE-C3<\/p><\/div>\n<p>Esta colecci\u00f3n de <strong>Adriana Costantini<\/strong> incluye todas las tendencias 2017, ven\u00ed a <strong>Optica Luro<\/strong> \u2013<strong>La Casa de los Anteojos<\/strong> a renovar tu estilo e incorporarte a la tendencia a trav\u00e9s del accesorio m\u00e1s visible y destacado de todo tu look: los anteojos.<\/p>\n","protected":false},"excerpt":{"rendered":"<p>Este invierno 2017 anteojos Adriana Costantini lanz\u00f3 una colecci\u00f3n de receta acorde al glamour de la marca, con un destile en el marco de las tradicionales Galer\u00edas Pac\u00edfico. El estilo que cultiva la marca asegura un modelo para cada situaci\u00f3n, &hellip; <a href=\"https:\/\/opticaluro.com.ar\/blog\/anteojos-adriana-costantini-distincion-en-cada-situacion\/\">Sigue leyendo <span class=\"meta-nav\">&rarr;<\/span><\/a><\/p>\n","protected":false},"author":1,"featured_media":0,"comment_status":"closed","ping_status":"open","sticky":false,"template":"","format":"standard","meta":[],"categories":[41,21,42,18],"tags":[59,58,44,60],"_links":{"self":[{"href":"https:\/\/opticaluro.com.ar\/blog\/wp-json\/wp\/v2\/posts\/2284"}],"collection":[{"href":"https:\/\/opticaluro.com.ar\/blog\/wp-json\/wp\/v2\/posts"}],"about":[{"href":"https:\/\/opticaluro.com.ar\/blog\/wp-json\/wp\/v2\/types\/post"}],"author":[{"embeddable":true,"href":"https:\/\/opticaluro.com.ar\/blog\/wp-json\/wp\/v2\/users\/1"}],"replies":[{"embeddable":true,"href":"https:\/\/opticaluro.com.ar\/blog\/wp-json\/wp\/v2\/comments?post=2284"}],"version-history":[{"count":9,"href":"https:\/\/opticaluro.com.ar\/blog\/wp-json\/wp\/v2\/posts\/2284\/revisions"}],"predecessor-version":[{"id":2311,"href":"https:\/\/opticaluro.com.ar\/blog\/wp-json\/wp\/v2\/posts\/2284\/revisions\/2311"}],"wp:attachment":[{"href":"https:\/\/opticaluro.com.ar\/blog\/wp-json\/wp\/v2\/media?parent=2284"}],"wp:term":[{"taxonomy":"category","embeddable":true,"href":"https:\/\/opticaluro.com.ar\/blog\/wp-json\/wp\/v2\/categories?post=2284"},{"taxonomy":"post_tag","embeddable":true,"href":"https:\/\/opticaluro.com.ar\/blog\/wp-json\/wp\/v2\/tags?post=2284"}],"curies":[{"name":"wp","href":"https:\/\/api.w.org\/{rel}","templated":true}]}}