{"id":1687,"date":"2015-04-27T14:24:08","date_gmt":"2015-04-27T14:24:08","guid":{"rendered":"http:\/\/opticaluro.com.ar\/blog\/?p=1687"},"modified":"2015-04-27T14:29:00","modified_gmt":"2015-04-27T14:29:00","slug":"anteojos-valeria-mazza-apuesta-al-color","status":"publish","type":"post","link":"https:\/\/opticaluro.com.ar\/blog\/anteojos-valeria-mazza-apuesta-al-color\/","title":{"rendered":"Anteojos Valeria Mazza: apuesta al color"},"content":{"rendered":"<p><a href=\"http:\/\/opticaluro.com.ar\/blog\/wp-content\/uploads\/2015\/04\/valeria-mazza-anteojos.jpg\"><img loading=\"lazy\" class=\"alignnone wp-image-1688\" src=\"http:\/\/opticaluro.com.ar\/blog\/wp-content\/uploads\/2015\/04\/valeria-mazza-anteojos.jpg\" alt=\"valeria mazza anteojos\" width=\"362\" height=\"327\" srcset=\"https:\/\/opticaluro.com.ar\/blog\/wp-content\/uploads\/2015\/04\/valeria-mazza-anteojos.jpg 364w, https:\/\/opticaluro.com.ar\/blog\/wp-content\/uploads\/2015\/04\/valeria-mazza-anteojos-300x271.jpg 300w\" sizes=\"(max-width: 362px) 100vw, 362px\" \/><\/a>En una nueva celebraci\u00f3n de color y dise\u00f1os vanguardistas, la marca de anteojos <strong>Valeria Mazza Eyewear<\/strong> nos presenta su nueva <strong>colecci\u00f3n de armazones recetados<\/strong>, donde se mezcla de manera perfecta la sensaci\u00f3n retro y el encanto femenino contempor\u00e1neo, con una fuerte propuesta crom\u00e1tica.<!--more--><\/p>\n<p>El color es el protagonista de esta colecci\u00f3n y junto con el dise\u00f1o resaltan la est\u00e9tica \u00fanica que identifica a la marca y se enriquece con facetas, texturas y elementos de color, en un juego de contrastes.<br \/>\nLa gama de colores es amplia, pero predominan el rojo furioso, la gama de azules hasta el turquesa, el naranja, el amarillo, y los siempre presentes habano, negro y nude.<\/p>\n<p><a href=\"http:\/\/opticaluro.com.ar\/blog\/wp-content\/uploads\/2015\/04\/valeria-mazza-anteojos-recetados.png\"><img loading=\"lazy\" class=\"alignleft size-full wp-image-1689\" src=\"http:\/\/opticaluro.com.ar\/blog\/wp-content\/uploads\/2015\/04\/valeria-mazza-anteojos-recetados.png\" alt=\"valeria mazza anteojos recetados\" width=\"363\" height=\"551\" srcset=\"https:\/\/opticaluro.com.ar\/blog\/wp-content\/uploads\/2015\/04\/valeria-mazza-anteojos-recetados.png 363w, https:\/\/opticaluro.com.ar\/blog\/wp-content\/uploads\/2015\/04\/valeria-mazza-anteojos-recetados-198x300.png 198w\" sizes=\"(max-width: 363px) 100vw, 363px\" \/><\/a><\/p>\n<p>Vale destacar que todos los armazones <strong>Valeria Mazza Eyewear<\/strong> est\u00e1n realizados con materiales desarrollados para brindar confort y ligereza, siendo resistentes a los procesos mec\u00e1nicos. Los lentes de los anteojos de sol Valeria Mazza <strong>Eyewear<\/strong> absorben el 100% de los rayos ultravioletas, poseen una alta calidad \u00f3ptica y son resistentes a los impactos.<\/p>\n<p>Mir\u00e1 el video de campa\u00f1a, donde se puede ver a una siempre bella Valeria Mazza luciendo de manera espectacular los modelos de su \u00faltima colecci\u00f3n: <a href=\"https:\/\/www.youtube.com\/watch?v=P756VH-D-Rc\" target=\"_blank\">https:\/\/www.youtube.com\/watch?v=P756VH-D-Rc<\/a><\/p>\n<p><a href=\"http:\/\/opticaluro.com.ar\/blog\/wp-content\/uploads\/2015\/04\/valeria-mazza-anteojos-receta.png\"><img loading=\"lazy\" class=\"alignleft size-full wp-image-1691\" src=\"http:\/\/opticaluro.com.ar\/blog\/wp-content\/uploads\/2015\/04\/valeria-mazza-anteojos-receta.png\" alt=\"valeria mazza anteojos receta\" width=\"367\" height=\"552\" srcset=\"https:\/\/opticaluro.com.ar\/blog\/wp-content\/uploads\/2015\/04\/valeria-mazza-anteojos-receta.png 367w, https:\/\/opticaluro.com.ar\/blog\/wp-content\/uploads\/2015\/04\/valeria-mazza-anteojos-receta-199x300.png 199w\" sizes=\"(max-width: 367px) 100vw, 367px\" \/><\/a><a href=\"http:\/\/opticaluro.com.ar\/blog\/wp-content\/uploads\/2015\/04\/valeria-mazza-anteojos-graduados.png\"><img loading=\"lazy\" class=\"alignleft size-full wp-image-1693\" src=\"http:\/\/opticaluro.com.ar\/blog\/wp-content\/uploads\/2015\/04\/valeria-mazza-anteojos-graduados.png\" alt=\"valeria mazza anteojos graduados\" width=\"367\" height=\"551\" srcset=\"https:\/\/opticaluro.com.ar\/blog\/wp-content\/uploads\/2015\/04\/valeria-mazza-anteojos-graduados.png 367w, https:\/\/opticaluro.com.ar\/blog\/wp-content\/uploads\/2015\/04\/valeria-mazza-anteojos-graduados-200x300.png 200w\" sizes=\"(max-width: 367px) 100vw, 367px\" \/><\/a><a href=\"http:\/\/opticaluro.com.ar\/blog\/wp-content\/uploads\/2015\/04\/valeria-mazza-coleccion-anteojos.png\"><img loading=\"lazy\" class=\"alignleft size-full wp-image-1695\" src=\"http:\/\/opticaluro.com.ar\/blog\/wp-content\/uploads\/2015\/04\/valeria-mazza-coleccion-anteojos.png\" alt=\"valeria mazza coleccion anteojos\" width=\"363\" height=\"549\" srcset=\"https:\/\/opticaluro.com.ar\/blog\/wp-content\/uploads\/2015\/04\/valeria-mazza-coleccion-anteojos.png 363w, https:\/\/opticaluro.com.ar\/blog\/wp-content\/uploads\/2015\/04\/valeria-mazza-coleccion-anteojos-198x300.png 198w\" sizes=\"(max-width: 363px) 100vw, 363px\" \/><\/a><\/p>\n","protected":false},"excerpt":{"rendered":"<p>En una nueva celebraci\u00f3n de color y dise\u00f1os vanguardistas, la marca de anteojos Valeria Mazza Eyewear nos presenta su nueva colecci\u00f3n de armazones recetados, donde se mezcla de manera perfecta la sensaci\u00f3n retro y el encanto femenino contempor\u00e1neo, con una &hellip; <a href=\"https:\/\/opticaluro.com.ar\/blog\/anteojos-valeria-mazza-apuesta-al-color\/\">Sigue leyendo <span class=\"meta-nav\">&rarr;<\/span><\/a><\/p>\n","protected":false},"author":1,"featured_media":0,"comment_status":"closed","ping_status":"open","sticky":false,"template":"","format":"standard","meta":[],"categories":[41,21,42,18,43,22],"tags":[44,46,45,25],"_links":{"self":[{"href":"https:\/\/opticaluro.com.ar\/blog\/wp-json\/wp\/v2\/posts\/1687"}],"collection":[{"href":"https:\/\/opticaluro.com.ar\/blog\/wp-json\/wp\/v2\/posts"}],"about":[{"href":"https:\/\/opticaluro.com.ar\/blog\/wp-json\/wp\/v2\/types\/post"}],"author":[{"embeddable":true,"href":"https:\/\/opticaluro.com.ar\/blog\/wp-json\/wp\/v2\/users\/1"}],"replies":[{"embeddable":true,"href":"https:\/\/opticaluro.com.ar\/blog\/wp-json\/wp\/v2\/comments?post=1687"}],"version-history":[{"count":5,"href":"https:\/\/opticaluro.com.ar\/blog\/wp-json\/wp\/v2\/posts\/1687\/revisions"}],"predecessor-version":[{"id":1697,"href":"https:\/\/opticaluro.com.ar\/blog\/wp-json\/wp\/v2\/posts\/1687\/revisions\/1697"}],"wp:attachment":[{"href":"https:\/\/opticaluro.com.ar\/blog\/wp-json\/wp\/v2\/media?parent=1687"}],"wp:term":[{"taxonomy":"category","embeddable":true,"href":"https:\/\/opticaluro.com.ar\/blog\/wp-json\/wp\/v2\/categories?post=1687"},{"taxonomy":"post_tag","embeddable":true,"href":"https:\/\/opticaluro.com.ar\/blog\/wp-json\/wp\/v2\/tags?post=1687"}],"curies":[{"name":"wp","href":"https:\/\/api.w.org\/{rel}","templated":true}]}}